{"id":699,"date":"2025-06-27T17:23:46","date_gmt":"2025-06-27T20:23:46","guid":{"rendered":"https:\/\/escolavirtualbompastor.com.br\/?p=699"},"modified":"2025-06-27T17:23:47","modified_gmt":"2025-06-27T20:23:47","slug":"um-pouco-de-historia-da-diocese-de-grajau","status":"publish","type":"post","link":"https:\/\/escolavirtualbompastor.com.br\/index.php\/2025\/06\/27\/um-pouco-de-historia-da-diocese-de-grajau\/","title":{"rendered":"UM POUCO DE HIST\u00d3RIA DA DIOCESE DE GRAJA\u00da"},"content":{"rendered":"\n<figure class=\"wp-block-image size-large\"><img fetchpriority=\"high\" decoding=\"async\" width=\"1024\" height=\"284\" src=\"https:\/\/escolavirtualbompastor.com.br\/wp-content\/uploads\/2025\/06\/Breadcrumb-1024x284.png\" alt=\"\" class=\"wp-image-452\" srcset=\"https:\/\/escolavirtualbompastor.com.br\/wp-content\/uploads\/2025\/06\/Breadcrumb-1024x284.png 1024w, https:\/\/escolavirtualbompastor.com.br\/wp-content\/uploads\/2025\/06\/Breadcrumb-300x83.png 300w, https:\/\/escolavirtualbompastor.com.br\/wp-content\/uploads\/2025\/06\/Breadcrumb-768x213.png 768w, https:\/\/escolavirtualbompastor.com.br\/wp-content\/uploads\/2025\/06\/Breadcrumb.png 1080w\" sizes=\"(max-width: 1024px) 100vw, 1024px\" \/><\/figure>\n\n\n\n<p>A cria\u00e7\u00e3o da Prelazia de S\u00e3o Jos\u00e9 de Graja\u00fa foi preparada pela presen\u00e7a e pelo trabalho dos frades capuchinhos lombardos no Maranh\u00e3o a partir do ano de 1893. Os frades atentos \u00e0s inst\u00e2ncias que lhes chegavam de uma realidade em grande parte caracterizada pela grave falta de clero, pela aus\u00eancia quase total de outras presen\u00e7as mission\u00e1rias, por estruturas eclesi\u00e1sticas prec\u00e1rias ou at\u00e9 quase inexistentes, foram se abrindo progressivamente a diferenciadas formas de presen\u00e7a e de atividade para responder \u00e0 necessidade urgente de evangeliza\u00e7\u00e3o no meio de uma popula\u00e7\u00e3o quase completamente abandonada.<\/p>\n\n\n\n<p>Aos poucos, por\u00e9m, os frades mission\u00e1rios percebem que \u00e9 necess\u00e1rio concentrar as for\u00e7as em \u00e2mbitos mais restritos e pensar num trabalho mais org\u00e2nico e sistem\u00e1tico. O interior do Maranh\u00e3o aparece concretamente o lugar onde poderia concentrar-se o novo esfor\u00e7o mission\u00e1rio. Trata-se, com efeito, de uma das \u00e1reas mais abandonadas e quase sem estruturas de Igreja; h\u00e1 forte presen\u00e7a de povos ind\u00edgenas que exigem tentativas e formas novas de evangeliza\u00e7\u00e3o. Devagar vai surgindo a ideia de aceitar uma estrutura religiosa aut\u00f4noma na parte oeste\/sul do Maranh\u00e3o, onde a Miss\u00e3o capuchinha poderia concentrar agentes e meios em vista de criar s\u00f3lidas estruturas de Igreja, capazes de desenvolver um trabalho org\u00e2nico de evangeliza\u00e7\u00e3o e de catequese.<\/p>\n\n\n\n<p>A Diocese de S\u00e3o Luis abrangia o Maranh\u00e3o inteiro, e isso preocupava muito o bispo Dom Helv\u00e9cio Gomes de Oliveira, por causa da grande extens\u00e3o e dos muitos povos com pouqu\u00edssima assist\u00eancia espiritual e social. Esse bispo era um homem de grande vis\u00e3o e sincero admirador dos servi\u00e7os dos padres Capuchinhos lombardos, que aqui estavam desde 16 de Agosto de 1893 representados pelo Frei Carlos de S\u00e3o Martino Olearo.<\/p>\n\n\n\n<p>Dom Helv\u00e9cio pensa e deseja a cria\u00e7\u00e3o de uma Prelazia, que pensa entregar aos cuidados do Padres Capuchinhos, e aos 09 de Junho de 1921 escreve uma carta de peti\u00e7\u00e3o \u00e0 Nunciatura Apost\u00f3lica. Sua Santidade o Papa Bento XV dignou-se aprovar o projeto, mas a morte o colheu em 22 de Janeiro de 1922, e assim teve-se que procrastinar por algum tempo a publica\u00e7\u00e3o da bula.<\/p>\n\n\n\n<p>Sua Santidade Pio XI, sucessor de Bento XV, em 10 de Fevereiro de 1922 publica a bula RATIONI CONGRUIT que eleva a Diocese de S\u00e3o Luis a Arquidiocese e sede de Prov\u00edncia Eclesi\u00e1stica e, ao mesmo tempo, cria a PRELAZIA DE S\u00c3O JOS\u00c9 DE GRAJA\u00da. A Prelazia, no ato de sua cria\u00e7\u00e3o, tem uma superf\u00edcie de mais de um ter\u00e7o do Maranh\u00e3o e uma popula\u00e7\u00e3o de quase 103.000 habitantes; compreende cinco imensas par\u00f3quias, isto \u00e9:<\/p>\n\n\n\n<p><em>Santa Cruz de Barra do Corda;<br>Nosso Senhor do Bonfim de Graja\u00fa;<br>S\u00e3o Pedro de Alc\u00e2ntara de Carolina;<br>Santa Teresa de Imperatriz;<br>Nossa Senhora da Imaculada Concei\u00e7\u00e3o de Porto Franco;<br>S\u00e3o Francisco Xavier de Turia\u00e7u.<\/em><\/p>\n\n\n\n<p>Esta nova circunscri\u00e7\u00e3o est\u00e1 situada entre a Arquidiocese de Bel\u00e9m, a Diocese de Porto Nacional e a Arquidiocese de S\u00e3o Luis, com exclus\u00e3o de uma pequena faixa litor\u00e2nea para os lados de Turia\u00e7u. Os Capuchinhos de Mil\u00e3o pouco depois, no come\u00e7o de Julho de 1922, assumem a execu\u00e7\u00e3o da bula pontif\u00edcia, e apresentam ao mesmo tempo o candidato a Administrador Apost\u00f3lico na pessoa de Frei Roberto de Castellanza, que h\u00e1 mais de 23 anos trabalha como mission\u00e1rio no Brasil e h\u00e1 quatro como Superior Regular. Ele exerce a fun\u00e7\u00e3o de Administrador Apost\u00f3lico de 05 de Setembro de 1922 at\u00e9 18 de Dezembro de 1924. O Papa Pio XI, com o breve \u201cComissum humilitati Nostrae\u201d, o elege Bispo-Prelado da Prelazia de S\u00e3o Jos\u00e9 de Graja\u00fa. A elei\u00e7\u00e3o a bispo o surpreende j\u00e1 no final de sua terceira visita pastoral, a qual alcan\u00e7ou 2.700 quil\u00f4metros.<\/p>\n\n\n\n<p><\/p>\n\n\n\n<h2 class=\"wp-block-heading\"><strong>DOM ROBERTO COLOMBO DE CASTELLANZA<\/strong><\/h2>\n\n\n<div class=\"wp-block-image\">\n<figure class=\"aligncenter size-full is-resized\"><img decoding=\"async\" width=\"268\" height=\"338\" src=\"https:\/\/escolavirtualbompastor.com.br\/wp-content\/uploads\/2025\/06\/DOM-ROBERTO-COLOMBO-DE-CASTELLANZA-2.png\" alt=\"\" class=\"wp-image-700\" style=\"width:147px;height:auto\" srcset=\"https:\/\/escolavirtualbompastor.com.br\/wp-content\/uploads\/2025\/06\/DOM-ROBERTO-COLOMBO-DE-CASTELLANZA-2.png 268w, https:\/\/escolavirtualbompastor.com.br\/wp-content\/uploads\/2025\/06\/DOM-ROBERTO-COLOMBO-DE-CASTELLANZA-2-238x300.png 238w\" sizes=\"(max-width: 268px) 100vw, 268px\" \/><\/figure><\/div>\n\n\n<p>Nasceu em Castellanza \/Mil\u00e3o-It\u00e1lia) aos 21 de fevereiro de 1870. Tendo ingressado na prov\u00edncia capuchinha de Mil\u00e3o, fez sua profiss\u00e3o religiosa em l887 e foi ordenado presb\u00edtero aos l9 de maio de 1894. Veio ao Brasil em 1898 com um grupo de jovens mission\u00e1rios trazidos por frei Reinaldo de Paullo. Na It\u00e1lia foi professor por alguns anos no Semin\u00e1rio ser\u00e1fico de Sovere. Aqui na Miss\u00e3o seus primeiros labores foram na Col\u00f4nia ind\u00edgena de Santo Ant\u00f4nio do Prata (Par\u00e1). Em seguida, destinado a Barra do Corda, foi desobrigante por 12 anos no meio dos \u00edndios e sertanejos. Partindo da sede paroquial, percorreu incans\u00e1vel as freguesias de S\u00e3o Lu\u00eds Gonzaga, Loreto, Riach\u00e3o, Graja\u00fa, Santo Ant\u00f4nio do Prata, Arari e Vit\u00f3ria. Na \u00e9poca do massacre de Alto Alegre, foi ele que recebeu das m\u00e3os de frei Estev\u00e3o, superior da casa, os despojos dos co-irm\u00e3os tombados pela f\u00e9.<\/p>\n\n\n\n<p>Destinado em 1910 \u00e0 resid\u00eancia de Fortaleza, com abnegado zelo administrou o Santu\u00e1rio do sagrado Cora\u00e7\u00e3o de Jesus. Em 1916 nomeado Superior Regular da Miss\u00e3o, desdobrou-se do Cear\u00e1 ao Par\u00e1 em viagens cansativas para animar os mission\u00e1rios em suas tarefas. Em 1922 foi nomeado Administrador Apost\u00f3lico da rec\u00e9m-criada Prelazia de S\u00e3o Jos\u00e9 de Graja\u00fa. Em 1924 foi eleito bispo titular de Camaco e sagrado na Catedral metropolitana de S\u00e3o Lu\u00eds em l925.<\/p>\n\n\n\n<p>No ano seguinte, na It\u00e1lia aonde tinha ido em busca de recursos para a Prelazia, os m\u00e9dicos o advertiram sobre suas prec\u00e1rias condi\u00e7\u00f5es de sa\u00fade. Ao voltar junto ao seu rebanho, a doen\u00e7a se manifestou rapidamente em toda a sua virul\u00eancia. Sendo tratado em S\u00e3o Lu\u00eds e n\u00e3o obtendo resultados, a conselho dos m\u00e9dicos se transferiu a Fortaleza. L\u00e1 concluiu sua trabalhosa jornada apost\u00f3lica aos 08 de novembro de 1927.<\/p>\n\n\n\n<p>Ele \u00e9 sagrado bispo na Catedral de S\u00e3o Luis em 03 de Maio de 1925. Seu ingresso na sede de Graja\u00fa acontece s\u00f3 em Fevereiro de 1926, por causa do movimento revolucion\u00e1rio no interior. Suas a\u00e7\u00f5es que permanecem: col\u00e9gios, escolas, resid\u00eancias mission\u00e1rias, igrejas, capelas, pequenas bibliotecas, sal\u00f5es-teatro, institui\u00e7\u00f5es assistenciais e culturais adaptadas ao ambiente e apropriadas \u00e0 mentalidade de sertanejo. Muito mais importante \u00e9 o trabalho interno de recupera\u00e7\u00e3o cat\u00f3lica, que verdadeiramente \u201csacudiu o sert\u00e3o adormecido\u201d, levantou monumentos de pedra, mas, acima de tudo, procurou criar centros catequ\u00e9ticos, fundar irmandades e associa\u00e7\u00f5es religiosas, difundir a cultura crist\u00e3, salvar a inf\u00e2ncia e extirpar a praga do concubinato; atentou para a gravidade do perigo protestante e esp\u00edrita. N\u00e3o p\u00f4de realizar uma institui\u00e7\u00e3o dedicada aos \u00edndios, mas sempre com eles manteve contato: os mission\u00e1rios visitam as aldeias e os \u00edndios visitam a resid\u00eancia dos mission\u00e1rios. Esse incans\u00e1vel ap\u00f3stolo entregou seu esp\u00edrito ao Criador na noite de 08 de Novembro de 1927.<\/p>\n\n\n\n<p>Organiza\u00e7\u00e3o da presen\u00e7a e do trabalho dos mission\u00e1rios na cria\u00e7\u00e3o da Prelazia:<\/p>\n\n\n\n<p><strong>Par\u00f3quia de Graja\u00fa:<\/strong><\/p>\n\n\n\n<p>Frei Alfredo de Martinengo \u2013 P\u00e1roco<br>Frei Natal de Besana \u2013 Encarregado da Pastoral ind\u00edgena<br>Frei Apol\u00f4nio de Desenzano<br>Frei Galdino de Pradalunga<br>Frei Jos\u00e9 de Castanhal<\/p>\n\n\n\n<p><strong>Par\u00f3quia de Imperatriz:<\/strong><\/p>\n\n\n\n<p>Frei Cirilo de Bergamo \u2013 P\u00e1roco (substitu\u00eddo pro Frei Querubim de Carpiano)<br>Frei Gaud\u00eancio de Rescalda \u2013 Desobrigante<br>Frei Aleixo de Fortaleza<\/p>\n\n\n\n<p><strong>Par\u00f3quia de Carolina:<\/strong><\/p>\n\n\n\n<p>Frei Louren\u00e7o de Alc\u00e2ntara \u2013 P\u00e1roco<br>Frei Matias de Ponteranica<br>Frei Emiliano de Brescia \u2013 Desobrigante<br>Frei Graciano de Arcisate<br>Frei Jo\u00e3o Pedro de Bel\u00e9m<\/p>\n\n\n\n<p><strong>Par\u00f3quia de Barra do Corda:<\/strong><\/p>\n\n\n\n<p>Frei Ricardo de Dovera \u2013 P\u00e1roco<br>Frei Teobaldo de Monticelli \u2013 Desobrigante<br>Frei Carmelo de Brescia<br>Frei Ang\u00e9lico de Porongaba<\/p>\n\n\n\n<p><strong>Par\u00f3quia de Turia\u00e7\u00fa:<\/strong><\/p>\n\n\n\n<p>Frei Miguel de Origgio \u2013 P\u00e1roco<br>Frei Eug\u00eanio de Moretta<br>Frei Bernardino de Mornico \u2013 Desobrigantre<br>Frei Simpliciano de Abbiategrasso<br>Frei Francisco de Our\u00e9m<\/p>\n\n\n\n<p>A Prelazia se enriquecera com a presen\u00e7a das irm\u00e3s Capuchinhas que v\u00eam para auxiliar e sustentar o trabalho dos mission\u00e1rios. A Graja\u00fa chegam em 1922; a Turia\u00e7\u00fa em 1923 e a Imperatriz em 1926. A sede vacante permanece de 08 de Novembro de 1927 at\u00e9 10 de Janeiro de 1930, data em que assume a dire\u00e7\u00e3o da Prelazia o ent\u00e3o Vig\u00e1rio Capitular Frei Emiliano de Brescia, que tinha chegado em Graja\u00fa 19 de Janeiro de 1928.<\/p>\n\n\n\n<p><\/p>\n\n\n\n<h2 class=\"wp-block-heading\"><strong>DOM EMILIANO LONATI<\/strong><\/h2>\n\n\n<div class=\"wp-block-image\">\n<figure class=\"aligncenter size-full is-resized\"><img decoding=\"async\" width=\"342\" height=\"462\" src=\"https:\/\/escolavirtualbompastor.com.br\/wp-content\/uploads\/2025\/06\/DOM-EMILIANO-LONATI.png\" alt=\"\" class=\"wp-image-701\" style=\"width:140px;height:auto\" srcset=\"https:\/\/escolavirtualbompastor.com.br\/wp-content\/uploads\/2025\/06\/DOM-EMILIANO-LONATI.png 342w, https:\/\/escolavirtualbompastor.com.br\/wp-content\/uploads\/2025\/06\/DOM-EMILIANO-LONATI-222x300.png 222w\" sizes=\"(max-width: 342px) 100vw, 342px\" \/><\/figure><\/div>\n\n\n<p>Nasceu em Brescia-It\u00e1lia aos 3 de fevereiro de 1886. Ingressou na Prov\u00edncia capuchinha de Mil\u00e3o, emitinso sua profiss\u00e3o religiosa aos 19 de mar\u00e7o de l906. Foi ordenado presb\u00edtero aos 06 de agosto de 1913. Professor e Vice-Mestre dos novi\u00e7os capuchinhos na It\u00e1lia. Veio ao Brasil em 1920. Desobrigante em Barra do Corda, Graja\u00fa e Carolina. Depois da morte de Dom Roberto Colombo, foi nomeado Administrador Apost\u00f3lico da Prelazia de Graja\u00fa e, em l930, Bispo-Prelado da mesma Prelazia.<br>Animou seus padres a realizarem obras not\u00e1veis de evangeliza\u00e7\u00e3o. Zelou a catequese e o apostolado entre os povos ind\u00edgenas. Teve carinho especial pelos pobres e pelas crian\u00e7as. Promoveu o desmembramento da Prelazia, dando origem \u00e0quela de Carolina. Erigiu as par\u00f3quias de Presidente Dutra, Tuntum, S\u00edtio Novo, Esperantin\u00f3polis. Ficou quarenta anos a frente de seu rebanho. Em l966 entregou a responsabilidade da Diocese ao Bispo coadjudor, Dom Adolfo Bossi, permanecendo em Graja\u00fa como Bispo em\u00e9rito.<br>Morreu em Graja\u00fa pranteado por todos aos 29 de setembro de 1971. Seus despojos descansam na Catedral onde foi Mestre e Pastor.<\/p>\n\n\n\n<p>O Bispo Prelado Dom Emiliano Lonati foi eleito em 10 de Janeiro de 1930 como bispo titular de Epifania e prelado nullius de S\u00e3o Jos\u00e9 de Graja\u00fa; foi sagrado bispo em 08 de Junho de 1930 na Catedral de Brescia e chega na Prelazia para a posse em Janeiro de 1931, passando alguns dias em Barra do Corda, parando em Alto Alegre.<br>Aos 07 de Dezembro de 1938, nas suas bodas de ordena\u00e7\u00e3o sacerdotal, Dom Emiliano lan\u00e7a a primeira pedra da futura catedral, que ser\u00e1 inaugurada em 31 de Dezembro de 1941. Al\u00e9m da catedral, lembramos a completa reconstru\u00e7\u00e3o do Col\u00e9gio S\u00e3o Jos\u00e9 da Provid\u00eancia de Barra do Corda, resid\u00eancia e capela de Porto Franco, restaura\u00e7\u00f5es na antiga resid\u00eancia de Alto Alegre e o Pa\u00e7o Episcopal de Graja\u00fa.<\/p>\n\n\n\n<p>A 22 de Julho de 1939 o Papa Pio XII com a bula \u201cAd maius Christifidelium bonum\u201d cria a nova Prelazia do Gurupi, chamada de Pinheiro, que abrange tamb\u00e9m Turia\u00e7u e a par\u00f3quia anexa de Carutapera. Circunst\u00e2ncias especiais impediram que os Capuchinhos de Turia\u00e7u se retirassem imediatamente, e os mesmos encerraram l\u00e1 definitivamente sua atividade apost\u00f3lica em Janeiro de 1945.<\/p>\n\n\n\n<p>A obra de Dom Emiliano na Prelazia tem sido caracterizada pelo esfor\u00e7o de dar um cunho solidamente paroquial aos v\u00e1rios centros: Graja\u00fa, Barra do Corda, Imperatriz, Carolina, e em sugerir, depois de anos de experi\u00eancia, os crit\u00e9rios que devem orientar as desobrigas e o apostolado entre os fi\u00e9is do sert\u00e3o. Sempre foi um verdadeiro Bispo mission\u00e1rios, esquecendo a mitra e o b\u00e1culo para continuar a ser mission\u00e1rio entre os mission\u00e1rios, nas longas e fatigantes viagens de desobriga, sempre o primeiro no trabalho, nos sacrif\u00edcios, na dedica\u00e7\u00e3o \u00e0s almas. Dom Emiliano traz da It\u00e1lia o m\u00e9dico capuchinho Frei Alberto Beretta, o qual constr\u00f3i um grande hospital para atender os doentes n\u00e3o s\u00f3 de Graja\u00fa, mas de toda a Prelazia e de lugares mais long\u00ednquos; esse dedicado Frei n\u00e3o mediu sacrif\u00edcio e viagens para socorrer a todos que necessitassem e veio a falecer aos 08 de Agosto de 2001 na It\u00e1lia.<\/p>\n\n\n\n<p>A catequese ind\u00edgena permanece dentro das preocupa\u00e7\u00f5es pastorais de Dom Emiliano. J\u00e1 em 1932 solicita relat\u00f3rios e informa\u00e7\u00f5es dos mission\u00e1rios para ter conhecimento seguro do problema e preparar planos e programas de evangeliza\u00e7\u00e3o.<br>Entre os mission\u00e1rios que com coragem e generosidade se dedicaram nessa pastoral devem ser lembrados: Frei Louren\u00e7o de Alc\u00e2ntara, atento conhecedor da realidade ind\u00edgena , que trabalha sobretudo na \u00e1rea de Imperatriz com tentativas de penetra\u00e7\u00e3o tamb\u00e9m entre as tribos do Gurupi; Frei Adriano de Zanica que, continuando o trabalho de Frei Eliodoro, tenta p\u00f4r as bases de uma catequese duradoura nas aldeias de Barra do Corda; Frei Josu\u00e9 de Monza e Frei Tom\u00e9 de Stezzano na regi\u00e3o de Graja\u00fa.<br>Dessas tentativas pastorais possu\u00edmos preciosos relat\u00f3rios, ricos de not\u00edcias sobre o mundo dos povos ind\u00edgenas.<\/p>\n\n\n\n<p>Seguindo as diretrizes de Dom Emiliano Lonati, as par\u00f3quias v\u00e3o enriquecendo-se com ambientes e iniciativas que permitem cuidadosa obra de evangeliza\u00e7\u00e3o e de catequese, enquanto se abrem para um fecundo trabalho de promo\u00e7\u00e3o humana.<br>Em Imperatriz surge a nova Igreja de Sta. Tereza, constru\u00edda com gosto e compet\u00eancia por frei Francisco de Chiaravalle; surge sempre em Imperatriz um moderno e funcional Col\u00e9gio. Carolina, com a Igreja reestruturada e sucessivamente ampliada, \u00e9 favorecida pela presen\u00e7a das irm\u00e3s que come\u00e7am a gestir um eficiente col\u00e9gio, importante e v\u00e1lido instrumento para a forma\u00e7\u00e3o da juventude. Barra do Corda aperfei\u00e7oa e aumenta as suas estruturas para a catequese e as atividades de promo\u00e7\u00e3o humana. Em Graja\u00fa s\u00e3o desenvolvidos mult\u00edplices projetos, enquanto se prepara a constru\u00e7\u00e3o da ampla e majestosa Catedral, cuja prima pedra \u00e9 colocada no dia 07 de dezembro de 1938<\/p>\n\n\n\n<p>A pedido de Dom Emiliano Lonati, em 14 de Janeiro de 1958 \u00e9 criada a Prelazia de Carolina (com a bula \u201cQui aeques\u201d), sempre confiada aos Capuchinhos Lombardos, tendo como primeiro Prelado o bispo Dom Ces\u00e1rio Minali.<\/p>\n\n\n\n<p>A partir de 1958 Dom Emiliano \u00e9 auxiliado no trabalho mission\u00e1rio por Dom Adolfo Luis Bossi, che \u00e9 sagrado Bispo aos 14 de Setembro de 1958 em Sesto San Giovanni, como bispo coadjutor. Dom Emiliano Lonati renuncia em 25 de Janeiro de 1966 e morre em Graja\u00fa aos 29 de Setembro de 1971.<\/p>\n\n\n\n<p><\/p>\n\n\n\n<h2 class=\"wp-block-heading\"><strong>DOM ADOLFO LU\u00cdS BOSSI<\/strong><\/h2>\n\n\n<div class=\"wp-block-image\">\n<figure class=\"aligncenter size-full is-resized\"><img loading=\"lazy\" decoding=\"async\" width=\"254\" height=\"420\" src=\"https:\/\/escolavirtualbompastor.com.br\/wp-content\/uploads\/2025\/06\/DOM-ADOLFO-LUIS-BOSSI-.png\" alt=\"\" class=\"wp-image-702\" style=\"width:112px;height:auto\" srcset=\"https:\/\/escolavirtualbompastor.com.br\/wp-content\/uploads\/2025\/06\/DOM-ADOLFO-LUIS-BOSSI-.png 254w, https:\/\/escolavirtualbompastor.com.br\/wp-content\/uploads\/2025\/06\/DOM-ADOLFO-LUIS-BOSSI--181x300.png 181w\" sizes=\"(max-width: 254px) 100vw, 254px\" \/><\/figure><\/div>\n\n\n<p>Nasceu aos 23 de junho de 1908 na cidade de Sesto San Giovanni (Mil\u00e3o-It\u00e1lia). Ingressou na prov\u00edncia capuchinha de Mil\u00e3o onde fez sua profiss\u00e3o religiosa em 1925.Foi ordenado presb\u00edtero aos 23 de julho de 1933.<\/p>\n\n\n\n<p>Veio ao Brasil em 1935. Professor e diretor na casa de forma\u00e7\u00e3o dos capuchinhos em Guaramiranga (Cear\u00e1). Dedicou-se \u00e0 prega\u00e7\u00e3o ambulante e \u00e0s santas miss\u00f5es populares. Superior em Fortaleza, S\u00e3o Lu\u00eds e Bel\u00e9m, em 1949 \u00e9 nomeado vig\u00e1rio geral da Prelazia de Graja\u00fa e p\u00e1roco da Catedral. Em 1952 foi eleito superior da Cust\u00f3dia capuchinha.<\/p>\n\n\n\n<p>Em l958 foi eleito bispo coadjutor da Prelazia de S\u00e3o Jos\u00e9 de Graja\u00fa, em aux\u00edlio a Dom Emiliano Lonati. Em 1966 assume a responasabilidade da Prelazia, permanecendo neste of\u00edcio pastoral at\u00e9 22 de agosto de 1970. Voltou a It\u00e1lia em 197l. Como bispo em\u00e9rito, residiu em Mil\u00e3o, oferecendo sua disponibilidade no servi\u00e7o \u00e0 Igreja local.Continuou a reza e a ajudar a \u201csua\u201d Diocese de Graja\u00fa, da qual gostava dizer de ser agora o primeiro fiel, ao longo de 31 anos. Faleceu na cidade de Bergamo aos 08 de maio de 2002.<\/p>\n\n\n\n<p>Pastor dedicado e generoso, nos deixou um grande exemplo de f\u00e9, de amor \u00e0 Igreja, de zelo e trabalho a servi\u00e7o de nossas comunidades. Promoveu a forma\u00e7\u00e3o do clero diocesano; inaugurou o Semin\u00e1rio diocesano \u201cNossa Senhora Rainha dos Ap\u00f3stolos\u201d em Barra do Corda. Cora\u00e7\u00e3o aberto e generoso, concretizou seu sonho com a realiza\u00e7\u00e3o da \u201cVila San Marino\u201d para os seus queridos hansenianos.<\/p>\n\n\n\n<p>Dom Adolfo Luis Bossi, que dirigiu a Prelazia at\u00e9 1971, sempre encarou com seriedade as responsabilidades tremendas do m\u00fanus episcopal. As necessidades da Prelazia s\u00e3o grandes, o trabalho que ela exige do Prelado \u00e9 intenso. \u00c9 ele que funda o Semin\u00e1rio Diocesano \u201cNossa Senhora Rainha dos Ap\u00f3stolos\u201d em Mar\u00e7o de 1969 e ordena a 25 de Abril de 1971 o sacerdote \u201csecular\u201d de sua Prelazia, o Pe. Bruno Bortolaso.<br>Por motivos de sa\u00fade, Dom Adolfo renuncia aos 12 de Setembro de 1970, permanecendo como Vig\u00e1rio Capitular at\u00e9 1971. Em Julho deste mesmo ano ele \u00e9 com-consagrante na sagra\u00e7\u00e3o episcopal de Dom Valentino Lazzari, seu sucessor; depois dedica-se, na It\u00e1lia, a sustentar a obra que fundou e tanto amou: a vila San Marino para os hansenianos. Vem a falecer em 08 de Maio de 2002 em Bergamo (It\u00e1lia).<\/p>\n\n\n\n<p>Aos 18 de Maio de 1971 o Papa Paulo VI elege e aos 25 de Julho de 1971 \u00e9 consagrado o novo bispo titular de Castelo de Tetraporto e prelado de S\u00e3o Jos\u00e9 de Graja\u00fa, Dom Valentino Lazzari, que toma posse a primeiro de Novembro do mesmo ano, com o lema \u201cunitas in caritate\u201d. Seus programas priorit\u00e1rios s\u00e3o: Voca\u00e7\u00f5es sacerdotais, Catequese e Apostolado leigo. Com pobreza de clero, h\u00e1 mais um grave problema, isto \u00e9, a grande superf\u00edcie da diocese (41.538 Km2) com uma popula\u00e7\u00e3o de 288.747 habitantes, divididos em dez par\u00f3quias, assistidos por 21 sacerdotes, dos quais seis s\u00e3o diocesanos e quinze capuchinhos, mais dois religiosos n\u00e3o cl\u00e9rigos e tr\u00eas congrega\u00e7\u00f5es de religiosas. O bispo \u00e9 obrigado a viagens longas e massacrantes.<\/p>\n\n\n\n<p><\/p>\n\n\n\n<h2 class=\"wp-block-heading\"><strong>DOM VALENTIM LAZZARI<\/strong><\/h2>\n\n\n<div class=\"wp-block-image\">\n<figure class=\"aligncenter size-full is-resized\"><img loading=\"lazy\" decoding=\"async\" width=\"289\" height=\"404\" src=\"https:\/\/escolavirtualbompastor.com.br\/wp-content\/uploads\/2025\/06\/DOM-VALENTIM-LAZZARI.png\" alt=\"\" class=\"wp-image-703\" style=\"width:129px;height:auto\" srcset=\"https:\/\/escolavirtualbompastor.com.br\/wp-content\/uploads\/2025\/06\/DOM-VALENTIM-LAZZARI.png 289w, https:\/\/escolavirtualbompastor.com.br\/wp-content\/uploads\/2025\/06\/DOM-VALENTIM-LAZZARI-215x300.png 215w\" sizes=\"(max-width: 289px) 100vw, 289px\" \/><\/figure><\/div>\n\n\n<p>Nasceu em Cologno al Serio (Bergamo-It\u00e1lia) aos 03 de janeiro de 1925. Fez sua profiss\u00e3o religiosa na prov\u00edncia capuchinha de Mil\u00e3o aos 14 de julho de 1943. Ordenado presb\u00edtero em l950, veio ao Brasil em 1954.<\/p>\n\n\n\n<p>Lecionou teologia nos Semin\u00e1rios capuchinhos de Parna\u00edba e Fortaleza. Secret\u00e1rio da Cust\u00f3dia capuchinha, Cust\u00f3dio e Vice-provincial. Foi sagrado bispo de Graja\u00fa no dia 25 de julho de 1971.<\/p>\n\n\n\n<p>De intelig\u00eancia aguda e sutil, foi professor e educador dos vocacionados \u00e1 vida franciscano-capuchinha. De profunda e segura doutrina pregou Santas Miss\u00f5es ao povo e retiros espirituais a sacerdotes, religiosos, religiosas e leigos engajados. Personalidade marcante, caracterizada por otimismo e alegria zelou pelo crescimento de sua Ordem capuchinha. Eleito bispo de Graja\u00fa, deu novo alento \u00e0 renova\u00e7\u00e3o pastoral, baseando-se sempre no essencial e no respeito das diretrizes da Igreja. Acompanhou com atenta solicitude a progressiva abertura de nossa Igreja particular de Graja\u00fa, ao \u201cnovo\u201d brotado do Conc\u00edlio Ecum\u00eanico Vaticano II e das Confer\u00eancias latino-americanas de Medell\u00edn e Puebla.<\/p>\n\n\n\n<p>Deixou algumas publica\u00e7\u00f5es relativas \u00e0s suas experi\u00eancias pastorais. Em 01 de Novembro de 1981 a Prelazia de S\u00e3o Jos\u00e9 de Graja\u00fa \u00e9 elevada a DIOCESE DE S\u00c3O JOS\u00c9 DE GRAJA\u00da.<\/p>\n\n\n\n<p>Dom Valentino Lazzari, que agora \u00e9 o primeiro bispo diocesano de Graja\u00fa, morre inesperadamente em 06 de Janeiro de 1983 em Bergamo (It\u00e1lia).<\/p>\n\n\n\n<p>\u00c9 eleito Administrador Apost\u00f3lico Dom Alcimar Caldas Magalh\u00e3es, bispo de Carolina, at\u00e9 a escolha do novo bispo. Aos 14 de Maio de 1984 \u00e9 sagrado Bispo em Belo Horizonte o novo bispo de Graja\u00fa, o capuchinho Dom Tarc\u00edsio Sebasti\u00e3o Baptista Lopes, o qual toma posse em Graja\u00fa aos 30 de Junho de 1984. Entre os servi\u00e7os prestados por este jovem bispo, est\u00e1 a reconstru\u00e7\u00e3o do semin\u00e1rio diocesano Nossa Senhora Rainha dos Ap\u00f3stolos em Barra do Corda, hoje o Centro Diocesano de Pastoral. Esse Bispo conseguiu da Santa S\u00e9 mudar o nome de Diocese de S\u00e3o Jos\u00e9 de Graja\u00fa para DIOCESE DE GRAJA\u00da.<\/p>\n\n\n\n<p><\/p>\n\n\n\n<h2 class=\"wp-block-heading\">DOM TARCISIO SEBASTI\u00c3O BATISTA LOPES<\/h2>\n\n\n\n<p>Dom Tarc\u00edsio nasceu em S\u00e3o Jo\u00e3o del Reis \u2013MG- no dia 18 de janeiro de 1938. Ingressou na prov\u00edncia dos frades capuchinhos de Minas Gerais, onde fez sua profiss\u00e3o religiosa em 1956. Foi ordenado presb\u00edtero aos 28 de junho de 1964.<br>Exerceu seu minist\u00e9rio em Ouro Fino, Carmo do Parana\u00edba, Belo Horizonte e Uberl\u00e2ndia; foi Diretor do semin\u00e1rio ser\u00e1fico, Guardi\u00e3o, p\u00e1roco e definidor provincial.<br>Eleito bispo de nossa Diocese de Graja\u00fa, foi ordenado em 14 de maio de 1984. Transferido para a Diocese de Ipameri-GO-, deixou Graja\u00fa em fevereiro de 1987.<br>Como bispo em\u00e9rito fixou sua resid\u00eancia na cidade de Uberl\u00e2ndia, de onde dava sua ajuda a v\u00e1rias par\u00f3quias locais e comunidades religiosas, sobretudo na prega\u00e7\u00e3o de retiros espirituais.<\/p>\n\n\n\n<p>Faleceu por volta das 18 horas do dia 07 de novembro de 2001 em Uberl\u00e2ndia, em conseq\u00fc\u00eancia de um fulminante infarto do cora\u00e7\u00e3o. No pouco tempo que passou em nossa Diocese, acompanhou com aten\u00e7\u00e3o os problemas sociais e os conflitos no campo, sobretudo na cidade de Arame, preocupado pela dif\u00edcil situa\u00e7\u00e3o do povo; promoveu as voca\u00e7\u00f5es sacerdotais e cuidou da reconstru\u00e7\u00e3o do Semin\u00e1rio diocesano de Barra do Corda.<\/p>\n\n\n\n<p>Aos 31 de Dezembro de 1986 Dom Tarc\u00edsio \u00e9 transferido para a Diocese de Ipameri-Go permanecendo como Administrador Apost\u00f3lico de Graja\u00fa at\u00e9 22 de Fevereiro de 1987. Ele falece em Uberl\u00e2ndia-MG em 07 de Novembro de 2001.<\/p>\n\n\n\n<p>&nbsp;Em 22 de Fevereiro de 1987 a Santa S\u00e9 nomeia Dom Rino Carlesi, Bispo de Balsas, como Administrador Apost\u00f3lico de Graja\u00fa. Aos 20 de Maio de 1987 o Santo Padre, Papa Jo\u00e3o Paulo II nomeia o capuchinho Frei Serafim Spreafico como Bispo de Graja\u00fa. O mesmo \u00e9 consagrado e empossado em Graja\u00fa no dia 11 de Julho de 1987. Em 03 de Agosto de 1995 Dom Serafim viaja \u00e0 It\u00e1lia doente, e em primeiro de Novembro do mesmo ano renuncia ao cargo de Bispo da Diocese de Graja\u00fa.<\/p>\n\n\n\n<p><\/p>\n\n\n\n<h2 class=\"wp-block-heading\">DOM SERAFIM SPREAFICO<\/h2>\n\n\n<div class=\"wp-block-image\">\n<figure class=\"aligncenter size-full is-resized\"><img loading=\"lazy\" decoding=\"async\" width=\"768\" height=\"937\" src=\"https:\/\/escolavirtualbompastor.com.br\/wp-content\/uploads\/2025\/06\/Dom-Serafim-768x937-1.jpg\" alt=\"\" class=\"wp-image-704\" style=\"width:161px;height:auto\" srcset=\"https:\/\/escolavirtualbompastor.com.br\/wp-content\/uploads\/2025\/06\/Dom-Serafim-768x937-1.jpg 768w, https:\/\/escolavirtualbompastor.com.br\/wp-content\/uploads\/2025\/06\/Dom-Serafim-768x937-1-246x300.jpg 246w\" sizes=\"(max-width: 768px) 100vw, 768px\" \/><\/figure><\/div>\n\n\n<p>Dom Serafim, capuchinho, nasceu em Busnago (Mil\u00e3o-It\u00e1lia) aos 11 de julho de 1939. Acolhido na Ordem capuchinha em l952, fez sua profiss\u00e3o religiosa aos 04 de outubro de l958 e foi ordenado presb\u00edtero aos 26 de mar\u00e7o de 1966. Enviado como mission\u00e1rio ao Brasil depois de dois anos de estudo em Missiologia na Universidade Urbaniana em Roma, voltou \u00e0 It\u00e1lia depois de dezessete anos para o \u201cano sab\u00e1tico\u201d, ao longo do qual, aos 21 de maio de 1986, apresentou a Tese de Doutorado em Missiologia, na mesma Universidade Urbaniana em Roma.<\/p>\n\n\n\n<p>Aqui no Brasil, foi diretor do Semin\u00e1rio diocesano em Barra do Corda. Transferido para Graja\u00fa, trabalhou incentivando a forma\u00e7\u00e3o das comunidades eclesiais.Vig\u00e1rio cooperado e depois p\u00e1roco na Par\u00f3quia de S\u00e3o Francisco de Assis em Bel\u00e9m, onde realizou o moderno complexo \u201cSanta Isabel\u201d, no bairro do Piqui\u00e1 para as atividades de evangeliza\u00e7\u00e3o e promo\u00e7\u00e3o humana. Cuidou pela Pastoral Familiar incentivando o trabalho do ECC (Encontro de Casais com Cristo).<\/p>\n\n\n\n<p>Fruto de seus estudos e de seu trabalho pastoral, o livro: Fam\u00edlia crist\u00e3, Igreja dom\u00e9stica. Foi eleito Bispo da Diocese de Graja\u00fa no dia 20 de maio de l987, sendo consagrado aos 12 de julho do mesmo ano. Acompanhou a Diocese com zelo pastoral e sacerdotal preocupa\u00e7\u00e3o pelo bem dos fi\u00e9is a ele confiados. Pastoreou num tempo delicado e dif\u00edcil pelos problemas eclesiais e sociais do momento, entre os quais o ressurgir das tens\u00f5es nas \u00e1reas ind\u00edgenas que levaram \u00e0 remo\u00e7\u00e3o do povoado S\u00e3o Pedro dos Cacetes. Procurou defender os direitos dos \u00edndios, garantindo ao mesmo tempo os direitos dos posseiros.<\/p>\n\n\n\n<p>Por problemas de sa\u00fade teve que se afastar do pastoreio da Diocese em 1995. Voltou a It\u00e1lia, onde desenvolve um precioso trabalho pastoral a servi\u00e7o das Igrejas locais. Continua acompanhando e ajudando a vida e a miss\u00e3o de nossa Diocese, \u00e0 qual se sente unido como bispo em\u00e9rito. O Sr. N\u00fancio Apost\u00f3lico, Dom Alfio Rapisarda, deixa ao col\u00e9gio dos Consultores a escolha do Administrador Diocesano; reunidos em Graja\u00fa, em 07 de Novembro de 1995 eles escolhem Frei Leonardo Trotta como Administrador Diocesano, o qual administra a Diocese at\u00e9 a posse do novo Bispo.<br>Aos 21 de Janeiro de 1998 o Papa Jo\u00e3o Paulo II nomeia o capuchinho Frei Franco Cuter a bispo de Graja\u00fa, e o mesmo \u00e9 consagrado e empossado em Graja\u00fa no dia 19 de Mar\u00e7o de 1998.<\/p>\n\n\n\n<p>O pastoreio de dom Franco se configura pela sinceridade, simplicidade e grande vontade de trabalho. O novo bispo enfatiza a forma\u00e7\u00e3o, a catequese, a evangeliza\u00e7\u00e3o e a abertura para uma igreja toda ministerial.<\/p>\n\n\n\n<p><\/p>\n\n\n\n<h2 class=\"wp-block-heading\"><strong>CRIA\u00c7\u00c3O DE NOVAS PAR\u00d3QUIAS<\/strong><\/h2>\n\n\n\n<p>Presidente Dutra (1945); Porto Franco (1949); Amarante (l954); Montes Altos (1957); Esperantin\u00f3polis (1955 \u2013 em seguida ser\u00e1 trocada com a par\u00f3quia de Dom Pedro em 1968 na delimita\u00e7\u00e3o da nova Diocese de Bacabal); Tuntum (1959); Josel\u00e2ndia (1968); S\u00edtio Novo (1969); Alto Alegre (1971-com a sa\u00edda de Alto Alegre, a sede \u00e9 transferida em seguida para o povoado de Jacar\u00e9); Governador Archer (1975); Arame (1981); Graja\u00fa (S\u00e3o Francisco) (1999);Formosa da Serra Negra (2005).<\/p>\n\n\n\n<p>No que diz respeito \u00e0s constru\u00e7\u00f5es, lembramos a espl\u00eandida Catedral de Graja\u00fa inaugurada no dia 3l de dezembro de 1941; a maravilhosa igreja de Barra do Corda levantada em homenagem aos M\u00e1rtires de Alto Alegre e inaugurada em 1951; a Igreja de Presidente Dutra; o Calv\u00e1rio de Barra do Corda e a Igreja de Tuntum.<br>Frei Francisco de Chiaravalle que acompanhou a constru\u00e7\u00e3o da Igreja-Santu\u00e1rio de Barra do Corda, assume tamb\u00e9m a constru\u00e7\u00e3o do episc\u00f3pio de Graja\u00fa que vem assim completar as estruturas centrais da Prelazia.<\/p>\n\n\n\n<p>Merece destaque especial a vigorosa dedica\u00e7\u00e3o no campo educativo, pois comprova a amadurecida consci\u00eancia da import\u00e2ncia desse trabalho de forma\u00e7\u00e3o da juventude que, em geral, \u00e9 feito poss\u00edvel pela presen\u00e7a e colabora\u00e7\u00e3o eficaz das Irm\u00e3s Mission\u00e1rias Capuchinhas. Atenta e vivaz a presen\u00e7a no campo social que se concretiza numa gama de atividades de cunho assistencial e promocional mediante os quais os mission\u00e1rios acompanham e partilham as vicissitudes sofridas do povo.<br>Nesse contexto sobressai a obra maravilhosa de FREI ALBERTO BERETTA, GRANDIOSA E VENERADA FIGURA DE MISSION\u00c1RIO, comprometido na a\u00e7\u00e3o evangelizadora e no esfor\u00e7o incans\u00e1vel e generoso de aliviar, m\u00e9dico que era, os sofrimentos do povo. Dessa extremada doa\u00e7\u00e3o surge em Graja\u00fa eficiente e moderno Hospital onde Frei Alberto realiza por longos anos milagres de caridade.<\/p>\n","protected":false},"excerpt":{"rendered":"<p>A cria\u00e7\u00e3o da Prelazia de S\u00e3o Jos\u00e9 de Graja\u00fa foi preparada pela presen\u00e7a e pelo trabalho dos frades capuchinhos lombardos no Maranh\u00e3o a partir do ano de 1893. Os frades &#8230;<\/p>\n","protected":false},"author":1,"featured_media":452,"comment_status":"open","ping_status":"open","sticky":false,"template":"","format":"standard","meta":{"footnotes":""},"categories":[14],"tags":[],"class_list":["post-699","post","type-post","status-publish","format-standard","has-post-thumbnail","hentry","category-noticias-da-diocese"],"yoast_head":"<!-- This site is optimized with the Yoast SEO plugin v25.3.1 - https:\/\/yoast.com\/wordpress\/plugins\/seo\/ -->\n<title>UM POUCO DE HIST\u00d3RIA DA DIOCESE DE GRAJA\u00da - Escola Diocesana de Forma\u00e7\u00e3o Bom Pastor<\/title>\n<meta name=\"robots\" content=\"index, follow, max-snippet:-1, max-image-preview:large, max-video-preview:-1\" \/>\n<link rel=\"canonical\" href=\"https:\/\/escolavirtualbompastor.com.br\/index.php\/2025\/06\/27\/um-pouco-de-historia-da-diocese-de-grajau\/\" \/>\n<meta property=\"og:locale\" content=\"pt_BR\" \/>\n<meta property=\"og:type\" content=\"article\" \/>\n<meta property=\"og:title\" content=\"UM POUCO DE HIST\u00d3RIA DA DIOCESE DE GRAJA\u00da - Escola Diocesana de Forma\u00e7\u00e3o Bom Pastor\" \/>\n<meta property=\"og:description\" content=\"A cria\u00e7\u00e3o da Prelazia de S\u00e3o Jos\u00e9 de Graja\u00fa foi preparada pela presen\u00e7a e pelo trabalho dos frades capuchinhos lombardos no Maranh\u00e3o a partir do ano de 1893. Os frades ...\" \/>\n<meta property=\"og:url\" content=\"https:\/\/escolavirtualbompastor.com.br\/index.php\/2025\/06\/27\/um-pouco-de-historia-da-diocese-de-grajau\/\" \/>\n<meta property=\"og:site_name\" content=\"Escola Diocesana de Forma\u00e7\u00e3o Bom Pastor\" \/>\n<meta property=\"article:published_time\" content=\"2025-06-27T20:23:46+00:00\" \/>\n<meta property=\"article:modified_time\" content=\"2025-06-27T20:23:47+00:00\" \/>\n<meta property=\"og:image\" content=\"https:\/\/escolavirtualbompastor.com.br\/wp-content\/uploads\/2025\/06\/Breadcrumb.png\" \/>\n\t<meta property=\"og:image:width\" content=\"1080\" \/>\n\t<meta property=\"og:image:height\" content=\"300\" \/>\n\t<meta property=\"og:image:type\" content=\"image\/png\" \/>\n<meta name=\"author\" content=\"romariocruz.edu\" \/>\n<meta name=\"twitter:card\" content=\"summary_large_image\" \/>\n<meta name=\"twitter:label1\" content=\"Escrito por\" \/>\n\t<meta name=\"twitter:data1\" content=\"romariocruz.edu\" \/>\n\t<meta name=\"twitter:label2\" content=\"Est. tempo de leitura\" \/>\n\t<meta name=\"twitter:data2\" content=\"24 minutos\" \/>\n<script type=\"application\/ld+json\" class=\"yoast-schema-graph\">{\"@context\":\"https:\/\/schema.org\",\"@graph\":[{\"@type\":\"Article\",\"@id\":\"https:\/\/escolavirtualbompastor.com.br\/index.php\/2025\/06\/27\/um-pouco-de-historia-da-diocese-de-grajau\/#article\",\"isPartOf\":{\"@id\":\"https:\/\/escolavirtualbompastor.com.br\/index.php\/2025\/06\/27\/um-pouco-de-historia-da-diocese-de-grajau\/\"},\"author\":{\"name\":\"romariocruz.edu\",\"@id\":\"https:\/\/escolavirtualbompastor.com.br\/#\/schema\/person\/cb38f99ca50fa9851f5956de01b83a2b\"},\"headline\":\"UM POUCO DE HIST\u00d3RIA DA DIOCESE DE GRAJA\u00da\",\"datePublished\":\"2025-06-27T20:23:46+00:00\",\"dateModified\":\"2025-06-27T20:23:47+00:00\",\"mainEntityOfPage\":{\"@id\":\"https:\/\/escolavirtualbompastor.com.br\/index.php\/2025\/06\/27\/um-pouco-de-historia-da-diocese-de-grajau\/\"},\"wordCount\":4225,\"commentCount\":0,\"publisher\":{\"@id\":\"https:\/\/escolavirtualbompastor.com.br\/#organization\"},\"image\":{\"@id\":\"https:\/\/escolavirtualbompastor.com.br\/index.php\/2025\/06\/27\/um-pouco-de-historia-da-diocese-de-grajau\/#primaryimage\"},\"thumbnailUrl\":\"https:\/\/escolavirtualbompastor.com.br\/wp-content\/uploads\/2025\/06\/Breadcrumb.png\",\"articleSection\":[\"Not\u00edcias da Diocese\"],\"inLanguage\":\"pt-BR\",\"potentialAction\":[{\"@type\":\"CommentAction\",\"name\":\"Comment\",\"target\":[\"https:\/\/escolavirtualbompastor.com.br\/index.php\/2025\/06\/27\/um-pouco-de-historia-da-diocese-de-grajau\/#respond\"]}]},{\"@type\":\"WebPage\",\"@id\":\"https:\/\/escolavirtualbompastor.com.br\/index.php\/2025\/06\/27\/um-pouco-de-historia-da-diocese-de-grajau\/\",\"url\":\"https:\/\/escolavirtualbompastor.com.br\/index.php\/2025\/06\/27\/um-pouco-de-historia-da-diocese-de-grajau\/\",\"name\":\"UM POUCO DE HIST\u00d3RIA DA DIOCESE DE GRAJA\u00da - Escola Diocesana de Forma\u00e7\u00e3o Bom Pastor\",\"isPartOf\":{\"@id\":\"https:\/\/escolavirtualbompastor.com.br\/#website\"},\"primaryImageOfPage\":{\"@id\":\"https:\/\/escolavirtualbompastor.com.br\/index.php\/2025\/06\/27\/um-pouco-de-historia-da-diocese-de-grajau\/#primaryimage\"},\"image\":{\"@id\":\"https:\/\/escolavirtualbompastor.com.br\/index.php\/2025\/06\/27\/um-pouco-de-historia-da-diocese-de-grajau\/#primaryimage\"},\"thumbnailUrl\":\"https:\/\/escolavirtualbompastor.com.br\/wp-content\/uploads\/2025\/06\/Breadcrumb.png\",\"datePublished\":\"2025-06-27T20:23:46+00:00\",\"dateModified\":\"2025-06-27T20:23:47+00:00\",\"breadcrumb\":{\"@id\":\"https:\/\/escolavirtualbompastor.com.br\/index.php\/2025\/06\/27\/um-pouco-de-historia-da-diocese-de-grajau\/#breadcrumb\"},\"inLanguage\":\"pt-BR\",\"potentialAction\":[{\"@type\":\"ReadAction\",\"target\":[\"https:\/\/escolavirtualbompastor.com.br\/index.php\/2025\/06\/27\/um-pouco-de-historia-da-diocese-de-grajau\/\"]}]},{\"@type\":\"ImageObject\",\"inLanguage\":\"pt-BR\",\"@id\":\"https:\/\/escolavirtualbompastor.com.br\/index.php\/2025\/06\/27\/um-pouco-de-historia-da-diocese-de-grajau\/#primaryimage\",\"url\":\"https:\/\/escolavirtualbompastor.com.br\/wp-content\/uploads\/2025\/06\/Breadcrumb.png\",\"contentUrl\":\"https:\/\/escolavirtualbompastor.com.br\/wp-content\/uploads\/2025\/06\/Breadcrumb.png\",\"width\":1080,\"height\":300},{\"@type\":\"BreadcrumbList\",\"@id\":\"https:\/\/escolavirtualbompastor.com.br\/index.php\/2025\/06\/27\/um-pouco-de-historia-da-diocese-de-grajau\/#breadcrumb\",\"itemListElement\":[{\"@type\":\"ListItem\",\"position\":1,\"name\":\"In\u00edcio\",\"item\":\"https:\/\/escolavirtualbompastor.com.br\/\"},{\"@type\":\"ListItem\",\"position\":2,\"name\":\"UM POUCO DE HIST\u00d3RIA DA DIOCESE DE GRAJA\u00da\"}]},{\"@type\":\"WebSite\",\"@id\":\"https:\/\/escolavirtualbompastor.com.br\/#website\",\"url\":\"https:\/\/escolavirtualbompastor.com.br\/\",\"name\":\"Escola Diocesana de Forma\u00e7\u00e3o Bom Pastor\",\"description\":\"A Escola Diocesana de Forma\u00e7\u00e3o Bom Pastor \u00e9 um espa\u00e7o de forma\u00e7\u00e3o, espiritualidade e servi\u00e7o para todo o Povo de Deus da Diocese de Graja\u00fa. Aqui, candidatos ao diaconado, agentes de pastoral, membros de movimentos, minist\u00e9rios e comunidades encontram cursos, encontros e forma\u00e7\u00f5es continuadas para aprofundar sua f\u00e9 e miss\u00e3o evangelizadora.\",\"publisher\":{\"@id\":\"https:\/\/escolavirtualbompastor.com.br\/#organization\"},\"potentialAction\":[{\"@type\":\"SearchAction\",\"target\":{\"@type\":\"EntryPoint\",\"urlTemplate\":\"https:\/\/escolavirtualbompastor.com.br\/?s={search_term_string}\"},\"query-input\":{\"@type\":\"PropertyValueSpecification\",\"valueRequired\":true,\"valueName\":\"search_term_string\"}}],\"inLanguage\":\"pt-BR\"},{\"@type\":\"Organization\",\"@id\":\"https:\/\/escolavirtualbompastor.com.br\/#organization\",\"name\":\"Escola Diocesana de Forma\u00e7\u00e3o Bom Pastor\",\"url\":\"https:\/\/escolavirtualbompastor.com.br\/\",\"logo\":{\"@type\":\"ImageObject\",\"inLanguage\":\"pt-BR\",\"@id\":\"https:\/\/escolavirtualbompastor.com.br\/#\/schema\/logo\/image\/\",\"url\":\"https:\/\/escolavirtualbompastor.com.br\/wp-content\/uploads\/2025\/06\/cropped-logos-2.png\",\"contentUrl\":\"https:\/\/escolavirtualbompastor.com.br\/wp-content\/uploads\/2025\/06\/cropped-logos-2.png\",\"width\":209,\"height\":89,\"caption\":\"Escola Diocesana de Forma\u00e7\u00e3o Bom Pastor\"},\"image\":{\"@id\":\"https:\/\/escolavirtualbompastor.com.br\/#\/schema\/logo\/image\/\"}},{\"@type\":\"Person\",\"@id\":\"https:\/\/escolavirtualbompastor.com.br\/#\/schema\/person\/cb38f99ca50fa9851f5956de01b83a2b\",\"name\":\"romariocruz.edu\",\"image\":{\"@type\":\"ImageObject\",\"inLanguage\":\"pt-BR\",\"@id\":\"https:\/\/escolavirtualbompastor.com.br\/#\/schema\/person\/image\/\",\"url\":\"https:\/\/secure.gravatar.com\/avatar\/5ebf924b8482c87c35c795c45b8a09cef908e8d74887c23b5a864ff670fdc39c?s=96&d=mm&r=g\",\"contentUrl\":\"https:\/\/secure.gravatar.com\/avatar\/5ebf924b8482c87c35c795c45b8a09cef908e8d74887c23b5a864ff670fdc39c?s=96&d=mm&r=g\",\"caption\":\"romariocruz.edu\"},\"sameAs\":[\"https:\/\/escolavirtualbompastor.com.br\"],\"url\":\"https:\/\/escolavirtualbompastor.com.br\/index.php\/author\/romariocruz-edu\/\"}]}<\/script>\n<!-- \/ Yoast SEO plugin. -->","yoast_head_json":{"title":"UM POUCO DE HIST\u00d3RIA DA DIOCESE DE GRAJA\u00da - Escola Diocesana de Forma\u00e7\u00e3o Bom Pastor","robots":{"index":"index","follow":"follow","max-snippet":"max-snippet:-1","max-image-preview":"max-image-preview:large","max-video-preview":"max-video-preview:-1"},"canonical":"https:\/\/escolavirtualbompastor.com.br\/index.php\/2025\/06\/27\/um-pouco-de-historia-da-diocese-de-grajau\/","og_locale":"pt_BR","og_type":"article","og_title":"UM POUCO DE HIST\u00d3RIA DA DIOCESE DE GRAJA\u00da - Escola Diocesana de Forma\u00e7\u00e3o Bom Pastor","og_description":"A cria\u00e7\u00e3o da Prelazia de S\u00e3o Jos\u00e9 de Graja\u00fa foi preparada pela presen\u00e7a e pelo trabalho dos frades capuchinhos lombardos no Maranh\u00e3o a partir do ano de 1893. Os frades ...","og_url":"https:\/\/escolavirtualbompastor.com.br\/index.php\/2025\/06\/27\/um-pouco-de-historia-da-diocese-de-grajau\/","og_site_name":"Escola Diocesana de Forma\u00e7\u00e3o Bom Pastor","article_published_time":"2025-06-27T20:23:46+00:00","article_modified_time":"2025-06-27T20:23:47+00:00","og_image":[{"width":1080,"height":300,"url":"https:\/\/escolavirtualbompastor.com.br\/wp-content\/uploads\/2025\/06\/Breadcrumb.png","type":"image\/png"}],"author":"romariocruz.edu","twitter_card":"summary_large_image","twitter_misc":{"Escrito por":"romariocruz.edu","Est. tempo de leitura":"24 minutos"},"schema":{"@context":"https:\/\/schema.org","@graph":[{"@type":"Article","@id":"https:\/\/escolavirtualbompastor.com.br\/index.php\/2025\/06\/27\/um-pouco-de-historia-da-diocese-de-grajau\/#article","isPartOf":{"@id":"https:\/\/escolavirtualbompastor.com.br\/index.php\/2025\/06\/27\/um-pouco-de-historia-da-diocese-de-grajau\/"},"author":{"name":"romariocruz.edu","@id":"https:\/\/escolavirtualbompastor.com.br\/#\/schema\/person\/cb38f99ca50fa9851f5956de01b83a2b"},"headline":"UM POUCO DE HIST\u00d3RIA DA DIOCESE DE GRAJA\u00da","datePublished":"2025-06-27T20:23:46+00:00","dateModified":"2025-06-27T20:23:47+00:00","mainEntityOfPage":{"@id":"https:\/\/escolavirtualbompastor.com.br\/index.php\/2025\/06\/27\/um-pouco-de-historia-da-diocese-de-grajau\/"},"wordCount":4225,"commentCount":0,"publisher":{"@id":"https:\/\/escolavirtualbompastor.com.br\/#organization"},"image":{"@id":"https:\/\/escolavirtualbompastor.com.br\/index.php\/2025\/06\/27\/um-pouco-de-historia-da-diocese-de-grajau\/#primaryimage"},"thumbnailUrl":"https:\/\/escolavirtualbompastor.com.br\/wp-content\/uploads\/2025\/06\/Breadcrumb.png","articleSection":["Not\u00edcias da Diocese"],"inLanguage":"pt-BR","potentialAction":[{"@type":"CommentAction","name":"Comment","target":["https:\/\/escolavirtualbompastor.com.br\/index.php\/2025\/06\/27\/um-pouco-de-historia-da-diocese-de-grajau\/#respond"]}]},{"@type":"WebPage","@id":"https:\/\/escolavirtualbompastor.com.br\/index.php\/2025\/06\/27\/um-pouco-de-historia-da-diocese-de-grajau\/","url":"https:\/\/escolavirtualbompastor.com.br\/index.php\/2025\/06\/27\/um-pouco-de-historia-da-diocese-de-grajau\/","name":"UM POUCO DE HIST\u00d3RIA DA DIOCESE DE GRAJA\u00da - Escola Diocesana de Forma\u00e7\u00e3o Bom Pastor","isPartOf":{"@id":"https:\/\/escolavirtualbompastor.com.br\/#website"},"primaryImageOfPage":{"@id":"https:\/\/escolavirtualbompastor.com.br\/index.php\/2025\/06\/27\/um-pouco-de-historia-da-diocese-de-grajau\/#primaryimage"},"image":{"@id":"https:\/\/escolavirtualbompastor.com.br\/index.php\/2025\/06\/27\/um-pouco-de-historia-da-diocese-de-grajau\/#primaryimage"},"thumbnailUrl":"https:\/\/escolavirtualbompastor.com.br\/wp-content\/uploads\/2025\/06\/Breadcrumb.png","datePublished":"2025-06-27T20:23:46+00:00","dateModified":"2025-06-27T20:23:47+00:00","breadcrumb":{"@id":"https:\/\/escolavirtualbompastor.com.br\/index.php\/2025\/06\/27\/um-pouco-de-historia-da-diocese-de-grajau\/#breadcrumb"},"inLanguage":"pt-BR","potentialAction":[{"@type":"ReadAction","target":["https:\/\/escolavirtualbompastor.com.br\/index.php\/2025\/06\/27\/um-pouco-de-historia-da-diocese-de-grajau\/"]}]},{"@type":"ImageObject","inLanguage":"pt-BR","@id":"https:\/\/escolavirtualbompastor.com.br\/index.php\/2025\/06\/27\/um-pouco-de-historia-da-diocese-de-grajau\/#primaryimage","url":"https:\/\/escolavirtualbompastor.com.br\/wp-content\/uploads\/2025\/06\/Breadcrumb.png","contentUrl":"https:\/\/escolavirtualbompastor.com.br\/wp-content\/uploads\/2025\/06\/Breadcrumb.png","width":1080,"height":300},{"@type":"BreadcrumbList","@id":"https:\/\/escolavirtualbompastor.com.br\/index.php\/2025\/06\/27\/um-pouco-de-historia-da-diocese-de-grajau\/#breadcrumb","itemListElement":[{"@type":"ListItem","position":1,"name":"In\u00edcio","item":"https:\/\/escolavirtualbompastor.com.br\/"},{"@type":"ListItem","position":2,"name":"UM POUCO DE HIST\u00d3RIA DA DIOCESE DE GRAJA\u00da"}]},{"@type":"WebSite","@id":"https:\/\/escolavirtualbompastor.com.br\/#website","url":"https:\/\/escolavirtualbompastor.com.br\/","name":"Escola Diocesana de Forma\u00e7\u00e3o Bom Pastor","description":"A Escola Diocesana de Forma\u00e7\u00e3o Bom Pastor \u00e9 um espa\u00e7o de forma\u00e7\u00e3o, espiritualidade e servi\u00e7o para todo o Povo de Deus da Diocese de Graja\u00fa. Aqui, candidatos ao diaconado, agentes de pastoral, membros de movimentos, minist\u00e9rios e comunidades encontram cursos, encontros e forma\u00e7\u00f5es continuadas para aprofundar sua f\u00e9 e miss\u00e3o evangelizadora.","publisher":{"@id":"https:\/\/escolavirtualbompastor.com.br\/#organization"},"potentialAction":[{"@type":"SearchAction","target":{"@type":"EntryPoint","urlTemplate":"https:\/\/escolavirtualbompastor.com.br\/?s={search_term_string}"},"query-input":{"@type":"PropertyValueSpecification","valueRequired":true,"valueName":"search_term_string"}}],"inLanguage":"pt-BR"},{"@type":"Organization","@id":"https:\/\/escolavirtualbompastor.com.br\/#organization","name":"Escola Diocesana de Forma\u00e7\u00e3o Bom Pastor","url":"https:\/\/escolavirtualbompastor.com.br\/","logo":{"@type":"ImageObject","inLanguage":"pt-BR","@id":"https:\/\/escolavirtualbompastor.com.br\/#\/schema\/logo\/image\/","url":"https:\/\/escolavirtualbompastor.com.br\/wp-content\/uploads\/2025\/06\/cropped-logos-2.png","contentUrl":"https:\/\/escolavirtualbompastor.com.br\/wp-content\/uploads\/2025\/06\/cropped-logos-2.png","width":209,"height":89,"caption":"Escola Diocesana de Forma\u00e7\u00e3o Bom Pastor"},"image":{"@id":"https:\/\/escolavirtualbompastor.com.br\/#\/schema\/logo\/image\/"}},{"@type":"Person","@id":"https:\/\/escolavirtualbompastor.com.br\/#\/schema\/person\/cb38f99ca50fa9851f5956de01b83a2b","name":"romariocruz.edu","image":{"@type":"ImageObject","inLanguage":"pt-BR","@id":"https:\/\/escolavirtualbompastor.com.br\/#\/schema\/person\/image\/","url":"https:\/\/secure.gravatar.com\/avatar\/5ebf924b8482c87c35c795c45b8a09cef908e8d74887c23b5a864ff670fdc39c?s=96&d=mm&r=g","contentUrl":"https:\/\/secure.gravatar.com\/avatar\/5ebf924b8482c87c35c795c45b8a09cef908e8d74887c23b5a864ff670fdc39c?s=96&d=mm&r=g","caption":"romariocruz.edu"},"sameAs":["https:\/\/escolavirtualbompastor.com.br"],"url":"https:\/\/escolavirtualbompastor.com.br\/index.php\/author\/romariocruz-edu\/"}]}},"_links":{"self":[{"href":"https:\/\/escolavirtualbompastor.com.br\/index.php\/wp-json\/wp\/v2\/posts\/699","targetHints":{"allow":["GET"]}}],"collection":[{"href":"https:\/\/escolavirtualbompastor.com.br\/index.php\/wp-json\/wp\/v2\/posts"}],"about":[{"href":"https:\/\/escolavirtualbompastor.com.br\/index.php\/wp-json\/wp\/v2\/types\/post"}],"author":[{"embeddable":true,"href":"https:\/\/escolavirtualbompastor.com.br\/index.php\/wp-json\/wp\/v2\/users\/1"}],"replies":[{"embeddable":true,"href":"https:\/\/escolavirtualbompastor.com.br\/index.php\/wp-json\/wp\/v2\/comments?post=699"}],"version-history":[{"count":1,"href":"https:\/\/escolavirtualbompastor.com.br\/index.php\/wp-json\/wp\/v2\/posts\/699\/revisions"}],"predecessor-version":[{"id":705,"href":"https:\/\/escolavirtualbompastor.com.br\/index.php\/wp-json\/wp\/v2\/posts\/699\/revisions\/705"}],"wp:featuredmedia":[{"embeddable":true,"href":"https:\/\/escolavirtualbompastor.com.br\/index.php\/wp-json\/wp\/v2\/media\/452"}],"wp:attachment":[{"href":"https:\/\/escolavirtualbompastor.com.br\/index.php\/wp-json\/wp\/v2\/media?parent=699"}],"wp:term":[{"taxonomy":"category","embeddable":true,"href":"https:\/\/escolavirtualbompastor.com.br\/index.php\/wp-json\/wp\/v2\/categories?post=699"},{"taxonomy":"post_tag","embeddable":true,"href":"https:\/\/escolavirtualbompastor.com.br\/index.php\/wp-json\/wp\/v2\/tags?post=699"}],"curies":[{"name":"wp","href":"https:\/\/api.w.org\/{rel}","templated":true}]}}